{"id":25479,"date":"2018-11-16T09:46:47","date_gmt":"2018-11-16T09:46:47","guid":{"rendered":"https:\/\/agrovin.com\/feria-del-cava-valenciano-2018\/"},"modified":"2023-02-06T18:51:31","modified_gmt":"2023-02-06T17:51:31","slug":"feria-del-cava-valenciano-2018","status":"publish","type":"post","link":"https:\/\/agrovin.com\/ro\/feria-del-cava-valenciano-2018\/","title":{"rendered":"Feria del Cava Valenciano-2018"},"content":{"rendered":"<h1><strong><span style=\"font-size: medium;\">MAGICUL BUBBLELOR VALENCIANE AJUNGE LA NUMERARUL CU PIA\u021aA COLONULUI<\/span><\/strong><\/h1>\n<p>+ Cea de-a 6-a edi\u021bie a t\u00e2rgului Cava va avea loc \u00een zilele de 23, 24 \u0219i 25 noiembrie<\/p>\n<p>+ Un masterclass al sommelierului Sergio Serra \u0219i un atelier gastronomic cu Steve Anderson, intr\u0103 \u00een cele mai remarcabile activit\u0103\u021bi.<\/p>\n<p>&nbsp;<\/p>\n<p>Valencia cava ia din nou Mercado de Col\u00f3n \u00een Valencia pentru una dintre cele mai importante date ale anului. \u00cen dup\u0103-amiaza zilei de vineri, 23 noiembrie, \u00eencepe a \u0219asea edi\u021bie a unui concurs care a captivat publicul din Valencia \u00een edi\u021biile anterioare. Evenimentul se desf\u0103\u0219oar\u0103 p\u00e2n\u0103 la ora 15:00 duminica, 25. Organizat de Asocia\u021bia procesatorilor Cava din Requena acestui an, evenimentul reune\u0219te nou\u0103 produse vin\u0103rii din Valencia (Covi\u00f1as, Chozas Carrascal, Dominio de la Vega, hispanic Suizas, Pago din Tharsys, Torre Oria, UVE, Vegalfaro \u0219i Murviedro).<\/p>\n<p>Dac\u0103 \u0219ase ani \u00een urm\u0103 de asociere procesoare, prezidat de Emilio Exposito, a fost lansat acest eveniment de promovare sub sloganul \u201eEste timpul nostru\u201c, evenimentul a devenit greu pentru a fi o ocazie special\u0103 pentru descoperirile publice valenciene sunt \u201elor Cavas &#8220;, \u00eentr-un decor idilic. produc\u021bia de cava din Valencia a ajuns deja aproape opt milioane de sticle, ar\u0103t\u00e2nd c\u0103 Requena are un climat foarte favorabil \u0219i a solului pentru producerea acestor condi\u021bii spumante, care transform\u0103 ora\u0219ul \u00een \u201einima Valencian\u0103 cava\u201c.<\/p>\n<p>Dovada este c\u0103 poporul Valencian este prezent \u00een cele mai prestigioase concursuri de pivni\u021be din lume.<\/p>\n<p>\u00cen acest an, evenimentul func\u021bioneaz\u0103 cu un singur bilet de 10 euro, cu care vizitatorul poate face schimb de dou\u0103 b\u0103uturi de cava, dou\u0103 de cava reserva \u0219i una de gastronomie. Acesta include, de asemenea, un pahar de sticl\u0103 de m\u0103tase pentru al lua ca un suvenir. \u00cen partea gastronomic\u0103, mai multe magazine din Mercado de Col\u00f3n vor preg\u0103ti o ofert\u0103 special\u0103 cu ocazia t\u00e2rgului. Astfel, Ma Khin Cafe, My Cub, de Lluna Suc, Beer Market, Martin &amp; Mary \u0219i Casa de l&#8217;Orxata, va participa la eveniment cu o buc\u0103t\u0103rie remarcabil\u0103.<\/p>\n<p>De asemenea, \u00een acest an vor avea loc ateliere separate. Prima degustare condus de somelier Makro si presedinte al ASVASU (Asociatia Somelierilor din Valencia) Sergio Serra, vineri dup\u0103-amiaz\u0103, cu \u0219ampanii exclusive acordate \u00een acest an de c\u0103tre asocia\u021bia \u00een degustari lor oarbe. S\u00e2mb\u0103t\u0103 diminea\u021ba, buc\u0103tarul Steve Anderson (Ma Khin Caf\u00e9) va participa la un tapas care arat\u0103 acest Cr\u0103ciun, care va fi udat \u00een mod evident cu cavas mari din Valencia. Atelierul Ma Khin este la pre\u021bul de 45 de euro pe persoan\u0103 \u0219i po\u021bi face rezerv\u0103ri prin e-mail <a href=\"mailto:feria.cavavalenciano@gmail.com\" target=\"_blank\" rel=\"noopener\">feria.cavavalenciano@gmail.com<\/a><\/p>\n<p>Ca \u0219i \u00een cazurile anterioare, vizitatorii participa la o remiz\u0103 pentru o mul\u021bime de \u0219ampanii, care \u00een acest an a ad\u0103ugat un week-end enopack atractiv pentru a vizita mai multe vin\u0103rii ale Asocia\u021biei \u0219i petrece noaptea \u00een Requena (pensiune completa dou\u0103). Evenimentul are anul acesta \u0219i BMW Engasa ca ma\u0219in\u0103 oficial\u0103, la care se adaug\u0103 sponsoriz\u0103rile AGROVIN, Grupo Cooperativo Cajamar, Generalitat Valenciana \u0219i Ayuntamiento de Requena.<\/p>\n<p>Pentru mai multe informa\u021bii: Emilio Exp\u00f3sito <a href=\"mailto:feria.cavavalenciano@gmail.com\" target=\"_blank\" rel=\"noopener\"><u>feria.cavavalenciano@gmail.com<\/u><\/a><\/p>\n<p><img fetchpriority=\"high\" decoding=\"async\" class=\"wp-image-25269 alignleft\" src=\"https:\/\/agrovin.com\/wp-content\/uploads\/2018\/11\/cartel-feria-cava-18.jpg\" alt=\"\" width=\"324\" height=\"439\" title=\"\"><\/p>\n","protected":false},"excerpt":{"rendered":"<p>MAGICUL BUBBLELOR VALENCIANE AJUNGE LA NUMERARUL CU PIA\u021aA COLONULUI + Cea de-a 6-a edi\u021bie a t\u00e2rgului Cava va avea loc \u00een zilele de 23, 24 \u0219i 25 noiembrie + Un masterclass al sommelierului Sergio Serra \u0219i un atelier gastronomic cu Steve Anderson, intr\u0103 \u00een cele mai remarcabile activit\u0103\u021bi. &nbsp; Valencia cava ia din nou Mercado [&hellip;]<\/p>\n","protected":false},"author":359,"featured_media":33986,"comment_status":"closed","ping_status":"closed","sticky":false,"template":"","format":"standard","meta":{"_acf_changed":false,"inline_featured_image":false,"site-sidebar-layout":"default","site-content-layout":"default","ast-site-content-layout":"default","site-content-style":"default","site-sidebar-style":"default","ast-global-header-display":"","ast-banner-title-visibility":"","ast-main-header-display":"","ast-hfb-above-header-display":"","ast-hfb-below-header-display":"","ast-hfb-mobile-header-display":"","site-post-title":"","ast-breadcrumbs-content":"","ast-featured-img":"","footer-sml-layout":"","ast-disable-related-posts":"","theme-transparent-header-meta":"default","adv-header-id-meta":"","stick-header-meta":"","header-above-stick-meta":"","header-main-stick-meta":"","header-below-stick-meta":"","astra-migrate-meta-layouts":"default","ast-page-background-enabled":"default","ast-page-background-meta":{"desktop":{"background-color":"var(--ast-global-color-5)","background-image":"","background-repeat":"repeat","background-position":"center center","background-size":"auto","background-attachment":"scroll","background-type":"","background-media":"","overlay-type":"","overlay-color":"","overlay-opacity":"","overlay-gradient":""},"tablet":{"background-color":"","background-image":"","background-repeat":"repeat","background-position":"center center","background-size":"auto","background-attachment":"scroll","background-type":"","background-media":"","overlay-type":"","overlay-color":"","overlay-opacity":"","overlay-gradient":""},"mobile":{"background-color":"","background-image":"","background-repeat":"repeat","background-position":"center center","background-size":"auto","background-attachment":"scroll","background-type":"","background-media":"","overlay-type":"","overlay-color":"","overlay-opacity":"","overlay-gradient":""}},"ast-content-background-meta":{"desktop":{"background-color":"var(--ast-global-color-4)","background-image":"","background-repeat":"repeat","background-position":"center center","background-size":"auto","background-attachment":"scroll","background-type":"","background-media":"","overlay-type":"","overlay-color":"","overlay-opacity":"","overlay-gradient":""},"tablet":{"background-color":"var(--ast-global-color-4)","background-image":"","background-repeat":"repeat","background-position":"center center","background-size":"auto","background-attachment":"scroll","background-type":"","background-media":"","overlay-type":"","overlay-color":"","overlay-opacity":"","overlay-gradient":""},"mobile":{"background-color":"var(--ast-global-color-4)","background-image":"","background-repeat":"repeat","background-position":"center center","background-size":"auto","background-attachment":"scroll","background-type":"","background-media":"","overlay-type":"","overlay-color":"","overlay-opacity":"","overlay-gradient":""}},"footnotes":""},"categories":[1,563],"tags":[],"class_list":["post-25479","post","type-post","status-publish","format-standard","has-post-thumbnail","hentry","category-prensa","category-ziar"],"acf":[],"_links":{"self":[{"href":"https:\/\/agrovin.com\/ro\/wp-json\/wp\/v2\/posts\/25479","targetHints":{"allow":["GET"]}}],"collection":[{"href":"https:\/\/agrovin.com\/ro\/wp-json\/wp\/v2\/posts"}],"about":[{"href":"https:\/\/agrovin.com\/ro\/wp-json\/wp\/v2\/types\/post"}],"author":[{"embeddable":true,"href":"https:\/\/agrovin.com\/ro\/wp-json\/wp\/v2\/users\/359"}],"replies":[{"embeddable":true,"href":"https:\/\/agrovin.com\/ro\/wp-json\/wp\/v2\/comments?post=25479"}],"version-history":[{"count":0,"href":"https:\/\/agrovin.com\/ro\/wp-json\/wp\/v2\/posts\/25479\/revisions"}],"wp:featuredmedia":[{"embeddable":true,"href":"https:\/\/agrovin.com\/ro\/wp-json\/wp\/v2\/media\/33986"}],"wp:attachment":[{"href":"https:\/\/agrovin.com\/ro\/wp-json\/wp\/v2\/media?parent=25479"}],"wp:term":[{"taxonomy":"category","embeddable":true,"href":"https:\/\/agrovin.com\/ro\/wp-json\/wp\/v2\/categories?post=25479"},{"taxonomy":"post_tag","embeddable":true,"href":"https:\/\/agrovin.com\/ro\/wp-json\/wp\/v2\/tags?post=25479"}],"curies":[{"name":"wp","href":"https:\/\/api.w.org\/{rel}","templated":true}]}}