{"id":25477,"date":"2018-11-16T09:43:56","date_gmt":"2018-11-16T09:43:56","guid":{"rendered":"https:\/\/agrovin.com\/feria-del-cava-valenciano-2018\/"},"modified":"2023-02-06T18:51:30","modified_gmt":"2023-02-06T17:51:30","slug":"feria-del-cava-valenciano-2018","status":"publish","type":"post","link":"https:\/\/agrovin.com\/pt-pt\/feria-del-cava-valenciano-2018\/","title":{"rendered":"Feria del Cava Valenciano-2018"},"content":{"rendered":"<h1><strong><span style=\"font-size: medium;\">A MAGIA DE BOLHAS VALENCIANAS CHEGA \u00c0 SUA NOMEA\u00c7\u00c3O COM MERCADO COLON<\/span><\/strong><\/h1>\n<p>+ A sexta edi\u00e7\u00e3o do Cava Feira ter\u00e1 lugar nos dias 23, 24 e 25 de Novembro<\/p>\n<p>+ Um sommelier masterclass Sergio Serra e uma oficina gastron\u00f4mica com Steve Anderson, entre os destaques.<\/p>\n<p>&nbsp;<\/p>\n<p>Valenciana cava retoma um mercado Columbus ano em Valencia para um de seus eventos mais importantes do ano. Sexta-feira 23 de novembro come\u00e7a a sexta edi\u00e7\u00e3o de um evento que tem cativado o p\u00fablico valenciano em edi\u00e7\u00f5es anteriores. O evento vai at\u00e9 \u00e0s 15:00 horas de domingo, 25. Organizado pelo Cava Processors Association of Requena este ano o evento re\u00fane nove produtos vin\u00edcolas de Val\u00eancia (Covi\u00f1as, Chozas Carrascal, Dominio de la Vega, Hisp\u00e2nico Suizas, Pago Tharsys, Torre Oria, UVE, Vegalfaro e Murviedro).<\/p>\n<p>Se h\u00e1 seis anos Processors Association, presidido por Emilio Exposito, foi lan\u00e7ado este evento promocional sob o lema &#8220;\u00c9 nosso tempo&#8221;, o evento tornou-se dif\u00edcil ser uma ocasi\u00e3o especial para os achados p\u00fablicas valencianas s\u00e3o &#8216;sua cava&#8217;, numa atmosfera id\u00edlica. produ\u00e7\u00e3o cava Valenciana j\u00e1 atingiu cerca de oito milh\u00f5es de garrafas, mostrando que Requena tem um clima muito favor\u00e1vel e solo para a produ\u00e7\u00e3o destas condi\u00e7\u00f5es espumantes, que converte a cidade para o &#8220;cora\u00e7\u00e3o da Valenciana cava&#8221;.<\/p>\n<p>Prova disso \u00e9 que os valencianos est\u00e3o presentes em posi\u00e7\u00f5es de honra dos eventos mais vin\u00edcolas representativas do mundo.<\/p>\n<p>O evento deste ano \u00e9 executado com um \u00fanico bilhete 10 euros com que o visitante pode resgatar duas bebidas de champanhe, dois cava reserva e gastronomia. Tamb\u00e9m inclui um copo serigrafia para lev\u00e1-la de mem\u00f3ria. Na gastronomia, v\u00e1rios locais Col\u00f3n Mercado ir\u00e1 preparar uma oferta especial por ocasi\u00e3o da feira. Assim, Ma Khin Cafe, meu Cub, Suc de Lluna, Mercado Beer, Martin &amp; Maria e Casa de l&#8217;Orxata, estar\u00e1 presente no evento com uma cozinha not\u00e1vel.<\/p>\n<p>Tamb\u00e9m este ano ter\u00e1 lugar dois workshops. A primeira prova liderada pelo sommelier Makro e presidente da ASVASU (Associa\u00e7\u00e3o Valenciana de Sommeliers) Sergio Serra, na sexta-feira \u00e0 tarde, com champanhes exclusivos atribu\u00eddo este ano pela associa\u00e7\u00e3o em suas provas cegas. S\u00e1bado de manh\u00e3 ter\u00e1 lugar, das m\u00e3os do cozinheiro chefe Steve Anderson (Ma Khin Cafe), um tapas showcooking para o Natal, que ser\u00e3o regadas, obviamente, com grandes cavas valencianas. oficina Ma Khin tem um pre\u00e7o de 45 euros por pessoa e pode ser reservado no e-mail <a href=\"mailto:feria.cavavalenciano@gmail.com\" target=\"_blank\" rel=\"noopener\">feria.cavavalenciano@gmail.com<\/a><\/p>\n<p>Como em ocasi\u00f5es anteriores, os visitantes participam de um sorteio para um monte de champanhes que este ano adicionou um fim de semana enopack atraente para visitar v\u00e1rias vin\u00edcolas da Associa\u00e7\u00e3o e passar a noite em Requena (pens\u00e3o completa dois). O evento deste ano com o carro oficial BMW Engasa, o que Agrovin patroc\u00ednios, o Grupo Cooperativo Cajamar, Cidade de Val\u00eancia e Requena adicionar.<\/p>\n<p>Para mais informa\u00e7\u00f5es:\u00a0Emilio Exp\u00f3sito <a href=\"mailto:feria.cavavalenciano@gmail.com\" target=\"_blank\" rel=\"noopener\"><u>feria.cavavalenciano@gmail.com<\/u><\/a><\/p>\n<p><img fetchpriority=\"high\" decoding=\"async\" class=\"wp-image-25269 alignleft\" src=\"https:\/\/agrovin.com\/wp-content\/uploads\/2018\/11\/cartel-feria-cava-18.jpg\" alt=\"\" width=\"308\" height=\"417\" title=\"\"><\/p>\n","protected":false},"excerpt":{"rendered":"<p>A MAGIA DE BOLHAS VALENCIANAS CHEGA \u00c0 SUA NOMEA\u00c7\u00c3O COM MERCADO COLON + A sexta edi\u00e7\u00e3o do Cava Feira ter\u00e1 lugar nos dias 23, 24 e 25 de Novembro + Um sommelier masterclass Sergio Serra e uma oficina gastron\u00f4mica com Steve Anderson, entre os destaques. &nbsp; Valenciana cava retoma um mercado Columbus ano em Valencia [&hellip;]<\/p>\n","protected":false},"author":359,"featured_media":33985,"comment_status":"closed","ping_status":"closed","sticky":false,"template":"","format":"standard","meta":{"_acf_changed":false,"inline_featured_image":false,"site-sidebar-layout":"default","site-content-layout":"default","ast-site-content-layout":"default","site-content-style":"default","site-sidebar-style":"default","ast-global-header-display":"","ast-banner-title-visibility":"","ast-main-header-display":"","ast-hfb-above-header-display":"","ast-hfb-below-header-display":"","ast-hfb-mobile-header-display":"","site-post-title":"","ast-breadcrumbs-content":"","ast-featured-img":"","footer-sml-layout":"","ast-disable-related-posts":"","theme-transparent-header-meta":"default","adv-header-id-meta":"","stick-header-meta":"","header-above-stick-meta":"","header-main-stick-meta":"","header-below-stick-meta":"","astra-migrate-meta-layouts":"default","ast-page-background-enabled":"default","ast-page-background-meta":{"desktop":{"background-color":"var(--ast-global-color-5)","background-image":"","background-repeat":"repeat","background-position":"center center","background-size":"auto","background-attachment":"scroll","background-type":"","background-media":"","overlay-type":"","overlay-color":"","overlay-opacity":"","overlay-gradient":""},"tablet":{"background-color":"","background-image":"","background-repeat":"repeat","background-position":"center center","background-size":"auto","background-attachment":"scroll","background-type":"","background-media":"","overlay-type":"","overlay-color":"","overlay-opacity":"","overlay-gradient":""},"mobile":{"background-color":"","background-image":"","background-repeat":"repeat","background-position":"center center","background-size":"auto","background-attachment":"scroll","background-type":"","background-media":"","overlay-type":"","overlay-color":"","overlay-opacity":"","overlay-gradient":""}},"ast-content-background-meta":{"desktop":{"background-color":"var(--ast-global-color-4)","background-image":"","background-repeat":"repeat","background-position":"center center","background-size":"auto","background-attachment":"scroll","background-type":"","background-media":"","overlay-type":"","overlay-color":"","overlay-opacity":"","overlay-gradient":""},"tablet":{"background-color":"var(--ast-global-color-4)","background-image":"","background-repeat":"repeat","background-position":"center center","background-size":"auto","background-attachment":"scroll","background-type":"","background-media":"","overlay-type":"","overlay-color":"","overlay-opacity":"","overlay-gradient":""},"mobile":{"background-color":"var(--ast-global-color-4)","background-image":"","background-repeat":"repeat","background-position":"center center","background-size":"auto","background-attachment":"scroll","background-type":"","background-media":"","overlay-type":"","overlay-color":"","overlay-opacity":"","overlay-gradient":""}},"footnotes":""},"categories":[1,151],"tags":[],"class_list":["post-25477","post","type-post","status-publish","format-standard","has-post-thumbnail","hentry","category-prensa","category-imprensa"],"acf":[],"_links":{"self":[{"href":"https:\/\/agrovin.com\/pt-pt\/wp-json\/wp\/v2\/posts\/25477","targetHints":{"allow":["GET"]}}],"collection":[{"href":"https:\/\/agrovin.com\/pt-pt\/wp-json\/wp\/v2\/posts"}],"about":[{"href":"https:\/\/agrovin.com\/pt-pt\/wp-json\/wp\/v2\/types\/post"}],"author":[{"embeddable":true,"href":"https:\/\/agrovin.com\/pt-pt\/wp-json\/wp\/v2\/users\/359"}],"replies":[{"embeddable":true,"href":"https:\/\/agrovin.com\/pt-pt\/wp-json\/wp\/v2\/comments?post=25477"}],"version-history":[{"count":0,"href":"https:\/\/agrovin.com\/pt-pt\/wp-json\/wp\/v2\/posts\/25477\/revisions"}],"wp:featuredmedia":[{"embeddable":true,"href":"https:\/\/agrovin.com\/pt-pt\/wp-json\/wp\/v2\/media\/33985"}],"wp:attachment":[{"href":"https:\/\/agrovin.com\/pt-pt\/wp-json\/wp\/v2\/media?parent=25477"}],"wp:term":[{"taxonomy":"category","embeddable":true,"href":"https:\/\/agrovin.com\/pt-pt\/wp-json\/wp\/v2\/categories?post=25477"},{"taxonomy":"post_tag","embeddable":true,"href":"https:\/\/agrovin.com\/pt-pt\/wp-json\/wp\/v2\/tags?post=25477"}],"curies":[{"name":"wp","href":"https:\/\/api.w.org\/{rel}","templated":true}]}}