{"id":25445,"date":"2018-11-16T09:01:17","date_gmt":"2018-11-16T09:01:17","guid":{"rendered":"https:\/\/agrovin.com\/feria-del-cava-valenciano-2018\/"},"modified":"2023-02-06T18:51:29","modified_gmt":"2023-02-06T17:51:29","slug":"feria-del-cava-valenciano-2018","status":"publish","type":"post","link":"https:\/\/agrovin.com\/it\/feria-del-cava-valenciano-2018\/","title":{"rendered":"Feria del Cava Valenciano-2018"},"content":{"rendered":"<h1><strong><span style=\"font-size: medium;\">LA MAGIA DELLE BOLLE VALENCIANI ARRIVA AL TUO APPUNTAMENTO CON IL MERCATO DI COLON<\/span><\/strong><\/h1>\n<p>+ La sesta edizione della fiera Cava si svolger\u00e0 il 23, 24 e 25 novembre<\/p>\n<p>+ Un sommelier masterclass Sergio Serra e un laboratorio gastronomico con Steve Anderson, inserire i punti saliente.<\/p>\n<p>&nbsp;<\/p>\n<p>La cava valenciana riprende il Mercado de Col\u00f3n a Valencia per una delle sue date pi\u00f9 importanti dell&#8217;anno. Venerd\u00ec pomeriggio 23 novembre inizia la sesta edizione di un evento che ha conquistato il pubblico di Valencia nelle precedenti edizioni. La manifestazione si svolger\u00e0 alle 15:00 pm Domenica, 25. Organizzato dalla Cava Processors Association di Requena quest&#8217;anno l&#8217;evento riunisce nove prodotti cantine Valenciana (Covi\u00f1as, Chozas Carrascal, Dominio de la Vega, ispanici Suizas, Pago Tharsys, Torre Oria, UVE, Vegalfaro e Murviedro).<\/p>\n<p>Se sei anni fa Processors Association, presieduta da Emilio Exposito, \u00e8 stato lanciato questo evento promozionale con lo slogan &#8220;E &#8216;il nostro tempo&#8221;, l&#8217;evento \u00e8 diventato difficile essere un&#8217;occasione speciale per i reperti pubblici di Valencia sono &#8216;loro Cavas &#8216;, in un ambiente idilliaco. la produzione di cava di Valencia ha gi\u00e0 raggiunto quasi otto milioni di bottiglie, dimostrando che Requena ha un clima molto favorevole e del suolo per la produzione di queste condizioni scintillanti, che converte la citt\u00e0 nel &#8220;cuore della cava di Valencia&#8221;.<\/p>\n<p>La prova di questo \u00e8 che i valenciani sono presenti in posizioni d&#8217;onore degli eventi pi\u00f9 cantine rappresentative del mondo.<\/p>\n<p>L&#8217;evento di quest&#8217;anno corre con un unico biglietto 10 euro con il quale il visitatore pu\u00f2 riscattare due bevande di champagne, due di riserva cava e gastronomia. Include anche un vetro serigrafato per prenderlo come souvenir. Nel gastronomica, diversi Mercato Col\u00f3n locale preparer\u00e0 un&#8217;offerta speciale in occasione della fiera. Cos\u00ec, Ma Khin Cafe, mio \u200b\u200bCucciolo, Suc de Lluna, Beer Market, Martin &amp; Mary e Casa de l&#8217;Orxata, sar\u00e0 presente alla manifestazione con una cucina straordinaria.<\/p>\n<p>Anche quest&#8217;anno avr\u00e0 luogo due workshop. La prima degustazione guidata da sommelier Makro e presidente ASVASU (Associazione Valenciana Sommeliers) Sergio Serra, nel pomeriggio di Venerd\u00ec, con champagne esclusivi assegnati quest&#8217;anno dall&#8217;associazione nei loro degustazioni alla cieca. Sabato mattina si svolger\u00e0, dalle mani dello chef Steve Anderson (Ma Khin Cafe), un tapas showcooking per il Natale, che sar\u00e0 innaffiato ovviamente con grandi spumanti di Valencia. laboratorio Ma Khin \u00e8 al prezzo di 45 euro a persona e pu\u00f2 essere prenotato per posta\u00a0 <a href=\"mailto:feria.cavavalenciano@gmail.com\" target=\"_blank\" rel=\"noopener\">feria.cavavalenciano@gmail.com<\/a><\/p>\n<p>Come in precedenti occasioni, i visitatori partecipare a un pareggio per un sacco di champagne che quest&#8217;anno ha aggiunto un interessante fine settimana enopack per visitare alcune cantine dell&#8217;Associazione e passare la notte in Requena (pensione completa due). L&#8217;evento di quest&#8217;anno con la BMW Engasa auto ufficiale, quello Agrovin sponsorizzazioni, Grupo Cooperativo Cajamar, Citt\u00e0 di Valencia e Requena aggiungere.<\/p>\n<p>Per maggiori informazioni: Emilio Exp\u00f3sito <a href=\"mailto:feria.cavavalenciano@gmail.com\" target=\"_blank\" rel=\"noopener\"><u>feria.cavavalenciano@gmail.com<\/u><\/a><\/p>\n<p><img fetchpriority=\"high\" decoding=\"async\" class=\"wp-image-25269 alignleft\" src=\"https:\/\/agrovin.com\/wp-content\/uploads\/2018\/11\/cartel-feria-cava-18.jpg\" alt=\"\" width=\"387\" height=\"524\" title=\"\"><\/p>\n","protected":false},"excerpt":{"rendered":"<p>LA MAGIA DELLE BOLLE VALENCIANI ARRIVA AL TUO APPUNTAMENTO CON IL MERCATO DI COLON + La sesta edizione della fiera Cava si svolger\u00e0 il 23, 24 e 25 novembre + Un sommelier masterclass Sergio Serra e un laboratorio gastronomico con Steve Anderson, inserire i punti saliente. &nbsp; La cava valenciana riprende il Mercado de Col\u00f3n [&hellip;]<\/p>\n","protected":false},"author":359,"featured_media":33984,"comment_status":"closed","ping_status":"closed","sticky":false,"template":"","format":"standard","meta":{"_acf_changed":false,"inline_featured_image":false,"site-sidebar-layout":"default","site-content-layout":"default","ast-site-content-layout":"default","site-content-style":"default","site-sidebar-style":"default","ast-global-header-display":"","ast-banner-title-visibility":"","ast-main-header-display":"","ast-hfb-above-header-display":"","ast-hfb-below-header-display":"","ast-hfb-mobile-header-display":"","site-post-title":"","ast-breadcrumbs-content":"","ast-featured-img":"","footer-sml-layout":"","ast-disable-related-posts":"","theme-transparent-header-meta":"default","adv-header-id-meta":"","stick-header-meta":"","header-above-stick-meta":"","header-main-stick-meta":"","header-below-stick-meta":"","astra-migrate-meta-layouts":"default","ast-page-background-enabled":"default","ast-page-background-meta":{"desktop":{"background-color":"var(--ast-global-color-5)","background-image":"","background-repeat":"repeat","background-position":"center center","background-size":"auto","background-attachment":"scroll","background-type":"","background-media":"","overlay-type":"","overlay-color":"","overlay-opacity":"","overlay-gradient":""},"tablet":{"background-color":"","background-image":"","background-repeat":"repeat","background-position":"center center","background-size":"auto","background-attachment":"scroll","background-type":"","background-media":"","overlay-type":"","overlay-color":"","overlay-opacity":"","overlay-gradient":""},"mobile":{"background-color":"","background-image":"","background-repeat":"repeat","background-position":"center center","background-size":"auto","background-attachment":"scroll","background-type":"","background-media":"","overlay-type":"","overlay-color":"","overlay-opacity":"","overlay-gradient":""}},"ast-content-background-meta":{"desktop":{"background-color":"var(--ast-global-color-4)","background-image":"","background-repeat":"repeat","background-position":"center center","background-size":"auto","background-attachment":"scroll","background-type":"","background-media":"","overlay-type":"","overlay-color":"","overlay-opacity":"","overlay-gradient":""},"tablet":{"background-color":"var(--ast-global-color-4)","background-image":"","background-repeat":"repeat","background-position":"center center","background-size":"auto","background-attachment":"scroll","background-type":"","background-media":"","overlay-type":"","overlay-color":"","overlay-opacity":"","overlay-gradient":""},"mobile":{"background-color":"var(--ast-global-color-4)","background-image":"","background-repeat":"repeat","background-position":"center center","background-size":"auto","background-attachment":"scroll","background-type":"","background-media":"","overlay-type":"","overlay-color":"","overlay-opacity":"","overlay-gradient":""}},"footnotes":""},"categories":[562,1],"tags":[],"class_list":["post-25445","post","type-post","status-publish","format-standard","has-post-thumbnail","hentry","category-giornale","category-prensa"],"acf":[],"_links":{"self":[{"href":"https:\/\/agrovin.com\/it\/wp-json\/wp\/v2\/posts\/25445","targetHints":{"allow":["GET"]}}],"collection":[{"href":"https:\/\/agrovin.com\/it\/wp-json\/wp\/v2\/posts"}],"about":[{"href":"https:\/\/agrovin.com\/it\/wp-json\/wp\/v2\/types\/post"}],"author":[{"embeddable":true,"href":"https:\/\/agrovin.com\/it\/wp-json\/wp\/v2\/users\/359"}],"replies":[{"embeddable":true,"href":"https:\/\/agrovin.com\/it\/wp-json\/wp\/v2\/comments?post=25445"}],"version-history":[{"count":0,"href":"https:\/\/agrovin.com\/it\/wp-json\/wp\/v2\/posts\/25445\/revisions"}],"wp:featuredmedia":[{"embeddable":true,"href":"https:\/\/agrovin.com\/it\/wp-json\/wp\/v2\/media\/33984"}],"wp:attachment":[{"href":"https:\/\/agrovin.com\/it\/wp-json\/wp\/v2\/media?parent=25445"}],"wp:term":[{"taxonomy":"category","embeddable":true,"href":"https:\/\/agrovin.com\/it\/wp-json\/wp\/v2\/categories?post=25445"},{"taxonomy":"post_tag","embeddable":true,"href":"https:\/\/agrovin.com\/it\/wp-json\/wp\/v2\/tags?post=25445"}],"curies":[{"name":"wp","href":"https:\/\/api.w.org\/{rel}","templated":true}]}}